{"id":1789,"date":"2023-02-23T10:40:07","date_gmt":"2023-02-23T13:40:07","guid":{"rendered":"https:\/\/faunaprojetos.com.br\/?p=1789"},"modified":"2023-05-28T17:16:05","modified_gmt":"2023-05-28T20:16:05","slug":"recuperacao-de-pastagens-trazem-beneficios-economicos-e-socioambientais","status":"publish","type":"post","link":"https:\/\/faunaprojetos.com.br\/en\/recuperacao-de-pastagens-trazem-beneficios-economicos-e-socioambientais\/","title":{"rendered":"Recovery of pastures brings economic and socio-environmental benefits"},"content":{"rendered":"<p><a rel=\"noreferrer noopener\" href=\"https:\/\/www.linkedin.com\/in\/leonor-assad-78686715\/\" target=\"_blank\">Leonor Assad<\/a> and <a href=\"https:\/\/www.linkedin.com\/in\/eduardo-assad-3b046b50\/\" target=\"_blank\" rel=\"noreferrer noopener\">Eduardo Assad<\/a><\/p>\n\n\n\n<p>Producing food is one of the functions of agriculture, livestock, and plant and animal extractive activities. In Brazil, the food we consume is accounted for in the agriculture GDP(1)<sup>1<\/sup>, which represented 2% of the Brazilian GDP, and the agribusiness GDP(1)<sup>1<\/sup>, which represented 24.31% of Brazil's GDP. But, the <a href=\"https:\/\/www12.senado.leg.br\/noticias\/arquivos\/2022\/10\/14\/olheestados-diagramacao-v4-r01-1-14-09-2022.pdf\">Second National Survey on Food Insecurity in the Context of the Covid-19 Pandemic in Brazil<\/a>, published in 2022, pointed out that 33.1 million people are not guaranteed what to eat - which represents 14 million new hungry Brazilians (Ag\u00eancia Senado, 2022) (2).<sup>2<\/sup>.<\/p>\n\n\n\n<p><a>As Professor Gerd Sparovek points out in the preface of the study \"<\/a><a href=\"https:\/\/www.imaflora.org\/public\/media\/biblioteca\/producao_de_alimentos_no_brasil_geografia_cronologia_e_evolucao.pdf\">Food Production in Brazil: geography, chronology and evolution<\/a>\", by Ana Chamma and collaborators (2021):<\/p>\n\n\n\n<blockquote class=\"wp-block-quote is-style-default is-layout-flow wp-block-quote-is-layout-flow\"><p>\"75 years after the publication of <em>Geography of Hunger(3)<\/em><sup>3<\/sup>, Brazil has certainly changed... (but despite) becoming a major global agricultural power, the problems of hunger and malnutrition have not been solved and have ended up adding to others also linked to nutrition, such as obesity, diabetes, cardiovascular conditions, and other manifestations of chronic non-transmissible diseases.\"<\/p><\/blockquote>\n\n\n\n<p>And, even if many are skeptical, equating the dilemma of job generation x availability and quality of food involves strengthening agriculture, particularly in a country of continental dimensions such as Brazil. And there are many alternatives. Here we will list the first: the recovery of degraded areas, which counts on a framework of laws and financial instruments since the 1980s. &nbsp;&nbsp;<\/p>\n\n\n\n<h3 class=\"wp-block-heading\">After all, what is a degraded area?<\/h3>\n\n\n\n<p>An area is considered to be degraded when deforestation or profound soil alterations cause such intense disturbance that they prevent natural regeneration, i.e., without human action. <a href=\"https:\/\/ainfo.cnptia.embrapa.br\/digital\/bitstream\/CPPSE\/15659\/1\/Circular38.pdf\">A study<\/a> conducted by Embrapa Pecu\u00e1ria Sudeste points out that recovering a pasture is about 30% cheaper than establishing it again; and both costs can be high nowadays, depending on the size of the area and the region where it is located. In the recovery of a pasture, liming and fertilization is usually done to promote the regrowth of existing plants from the existing plant population. But in many cases the forage plant population density is so bad that there are not enough plants to reestablish the pasture. In general, it is considered that if the pasture has areas of more than 2 square meters<sup>2<\/sup> without the main forage, a new implementation of the pasture is necessary.<\/p>\n\n\n\n<p>Data from Lapig\/UFG, based on analysis of Landsat satellite images from 1985 to 2020, show that pastures in Brazil in 2020 covered 18.72% of the Brazilian territory, or 158,966,950.223 ha. Of this total, 22% were in a severe stage of degradation and 41.4% were in an intermediate stage of degradation. In other words, with the adoption of liming and fertilization practices for pasture, adequate animal load and ensuring the necessary rest period for recovery, more than 65.8 million hectares of pastures that are in an intermediate stage of degradation can be recovered. With the recovery of these pastures and considering an animal load of 1.27 animals per hectare it would be possible to expand the cattle herd by 83.5 million head, without opening new areas, the so-called land-saving effect.<\/p>\n\n\n\n<p>Considering the reduction of greenhouse gases,<a href=\"https:\/\/eesp.fgv.br\/centros\/observatorios\/bioeconomia\" target=\"_blank\" rel=\"noreferrer noopener\"> works <\/a>such as the one developed by Eduardo Assad at FGV's Bioeconomy Observatory show that it is possible to take advantage of this potential and additionally reduce GHG emissions. The authors developed a projection and mitigation model for different decarbonization actions in cattle ranching, in which they considered a scenario of gradual reduction of degraded pastures in Brazil until the year 2030. Using this model, they showed that 27.5 Mha of degraded pastures could be recovered, offering productivity gains to the cattle herd, which would reach a stocking rate of 1.27 head per hectare. In addition, there would be a total net removal of carbon of 1,223.6 Mt CO2eq, an average of 94.1 Mt CO2eq\/year, thus reversing the emissions of the cattle ranching system associated with pastures.<\/p>\n\n\n\n<h3 class=\"wp-block-heading\">Impacts of pasture recuperation<\/h3>\n\n\n\n<p>A study <a href=\"https:\/\/www.beefpoint.com.br\/esalq-aponta-ganhos-com-recuperacao-de-pastagens\/\">A study<\/a> by Esalq\/USP researchers, coordinated by Prof. Joaquim Bento de Souza Ferreira Filho, evaluated the gains from recovering 19.4 million hectares of degraded pastures between 2010 and 2018.  The study presented two scenarios: the first took into account 19.4 million hectares of degraded pastureland recovered in the country between 2010 and 2018. And the second pointed out that only the 4.1 million hectares recovered through the ABC Program credit line specific for pasture recovery, which financed R$8.1 billion between 2013 and 2020. Assuming the macroeconomic variables as of 2015, the observed increase, accumulated in 2021, of 0.31% of the GDP in scenario 1 and 0.07% in scenario 2, represents, computed over the 2015 value. This represented a social gain of R$ 16.9 billion in scenario 1 and R$ 4.2 billion in scenario 2.<\/p>\n\n\n\n<p>What's more, the increase in productivity provided by the recovery of degraded pastures contributed to a significant additional increase in cattle production in the locations researched. In scenario 1, the variation in Rio Grande do Sul and Santa Catarina was 25.8% in meat production and 13.8% in the dairy chain. Important increases were also observed in Rond\u00f4nia, Paran\u00e1, and Mato Grosso do Sul. In scenario 2, an increase of 5.2% in the production of beef cattle was observed in Goi\u00e1s and 1.71% in the production of milk in Paran\u00e1. It is noteworthy that milk and meat are important foods in the diet of most Brazilians and the increase in supply contributes to lower prices.<\/p>\n\n\n\n<p>It is worth pointing out that the gains in the recovery of degraded pastures go beyond the increase in rural producer income due to the increase in productivity of beef and dairy cattle. There is also an increase in family consumption, an increase in jobs and wages, an increase in taxes, and environmental benefits. After all, recovered and well managed pastures are efficient in controlling erosion due to the action of water and soil winds, they allow the infiltration of water into the soil, which is an important process in maintaining water resources and ensure the activity of soil organisms. What's more, pastures in good condition emit less greenhouse gases than degraded pastures, contributing to the quality of life on the planet.<\/p>\n\n\n\n<p><strong>____________<\/strong><\/p>\n\n\n\n<p>1- The agricultural GDP measures what is called \"production inside the farm gate\" and is calculated by the IBGE. On the other hand, the agribusiness GDP encompasses the agricultural production and the economic activities of other activity sectors (industry and services), involving the production of inputs for farming, farming itself, the agribusinesses that process these raw materials, and the distribution and other services needed for the agricultural and agribusiness products to reach the final consumer. In the country, this calculation is made by CEPEA\/ESALQ-USP with the support of CNA.<\/p>\n\n\n\n<p>2- Ag\u00eancia Senado, 2022. Brazil's return to the UN's Hunger Map worries senators and scholars, by Aline Guedes. Published on 10\/14\/2022.<\/p>\n\n\n\n<p>3- Geography of Hunger, by Josu\u00e9 de Castro. The Brazilian dilemma: bread or steel. 9. ed. S\u00e3o Paulo: Brasiliense, 1965.<\/p>","protected":false},"excerpt":{"rendered":"<p>Leonor Assad e Eduardo Assad Produzir alimentos \u00e9 uma das fun\u00e7\u00f5es da agricultura, da pecu\u00e1ria e de atividades de extrativismo vegetal e animal. No Brasil, os alimentos que consumimos s\u00e3o contabilizados no PIB da agricultura1, que representou 2% do PIB brasileiro, e no PIB do agroneg\u00f3cio1, que representou 24,31% do PIB do Brasil. Mas, o [&hellip;]<\/p>\n","protected":false},"author":1,"featured_media":1790,"comment_status":"closed","ping_status":"closed","sticky":false,"template":"","format":"standard","meta":{"footnotes":""},"categories":[6],"tags":[],"class_list":["post-1789","post","type-post","status-publish","format-standard","has-post-thumbnail","hentry","category-ambiental"],"yoast_head":"<!-- This site is optimized with the Yoast SEO plugin v25.4 - https:\/\/yoast.com\/wordpress\/plugins\/seo\/ -->\n<title>Recupera\u00e7\u00e3o de pastagens trazem benef\u00edcios econ\u00f4micos e socioambientais - Fauna Projetos<\/title>\n<meta name=\"robots\" content=\"index, follow, max-snippet:-1, max-image-preview:large, max-video-preview:-1\" \/>\n<link rel=\"canonical\" href=\"https:\/\/faunaprojetos.com.br\/en\/recuperacao-de-pastagens-trazem-beneficios-economicos-e-socioambientais\/\" \/>\n<meta property=\"og:locale\" content=\"en_US\" \/>\n<meta property=\"og:type\" content=\"article\" \/>\n<meta property=\"og:title\" content=\"Recupera\u00e7\u00e3o de pastagens trazem benef\u00edcios econ\u00f4micos e socioambientais - Fauna Projetos\" \/>\n<meta property=\"og:description\" content=\"Leonor Assad e Eduardo Assad Produzir alimentos \u00e9 uma das fun\u00e7\u00f5es da agricultura, da pecu\u00e1ria e de atividades de extrativismo vegetal e animal. No Brasil, os alimentos que consumimos s\u00e3o contabilizados no PIB da agricultura1, que representou 2% do PIB brasileiro, e no PIB do agroneg\u00f3cio1, que representou 24,31% do PIB do Brasil. Mas, o [&hellip;]\" \/>\n<meta property=\"og:url\" content=\"https:\/\/faunaprojetos.com.br\/en\/recuperacao-de-pastagens-trazem-beneficios-economicos-e-socioambientais\/\" \/>\n<meta property=\"og:site_name\" content=\"Fauna Projetos\" \/>\n<meta property=\"article:published_time\" content=\"2023-02-23T13:40:07+00:00\" \/>\n<meta property=\"article:modified_time\" content=\"2023-05-28T20:16:05+00:00\" \/>\n<meta property=\"og:image\" content=\"https:\/\/faunaprojetos.com.br\/wp-content\/uploads\/2023\/02\/130440040m.jpg\" \/>\n\t<meta property=\"og:image:width\" content=\"640\" \/>\n\t<meta property=\"og:image:height\" content=\"426\" \/>\n\t<meta property=\"og:image:type\" content=\"image\/jpeg\" \/>\n<meta name=\"author\" content=\"alice.assad19\" \/>\n<meta name=\"twitter:card\" content=\"summary_large_image\" \/>\n<meta name=\"twitter:label1\" content=\"Written by\" \/>\n\t<meta name=\"twitter:data1\" content=\"alice.assad19\" \/>\n\t<meta name=\"twitter:label2\" content=\"Est. reading time\" \/>\n\t<meta name=\"twitter:data2\" content=\"6 minutes\" \/>\n<script type=\"application\/ld+json\" class=\"yoast-schema-graph\">{\"@context\":\"https:\/\/schema.org\",\"@graph\":[{\"@type\":\"Article\",\"@id\":\"https:\/\/faunaprojetos.com.br\/recuperacao-de-pastagens-trazem-beneficios-economicos-e-socioambientais\/#article\",\"isPartOf\":{\"@id\":\"https:\/\/faunaprojetos.com.br\/recuperacao-de-pastagens-trazem-beneficios-economicos-e-socioambientais\/\"},\"author\":{\"name\":\"alice.assad19\",\"@id\":\"https:\/\/faunaprojetos.com.br\/#\/schema\/person\/8d7bf5bed155cc10671e0dcfd9220cba\"},\"headline\":\"Recupera\u00e7\u00e3o de pastagens trazem benef\u00edcios econ\u00f4micos e socioambientais\",\"datePublished\":\"2023-02-23T13:40:07+00:00\",\"dateModified\":\"2023-05-28T20:16:05+00:00\",\"mainEntityOfPage\":{\"@id\":\"https:\/\/faunaprojetos.com.br\/recuperacao-de-pastagens-trazem-beneficios-economicos-e-socioambientais\/\"},\"wordCount\":1304,\"publisher\":{\"@id\":\"https:\/\/faunaprojetos.com.br\/#organization\"},\"image\":{\"@id\":\"https:\/\/faunaprojetos.com.br\/recuperacao-de-pastagens-trazem-beneficios-economicos-e-socioambientais\/#primaryimage\"},\"thumbnailUrl\":\"https:\/\/faunaprojetos.com.br\/wp-content\/uploads\/2023\/02\/130440040m.jpg\",\"articleSection\":[\"Ambiental\"],\"inLanguage\":\"en-US\"},{\"@type\":\"WebPage\",\"@id\":\"https:\/\/faunaprojetos.com.br\/recuperacao-de-pastagens-trazem-beneficios-economicos-e-socioambientais\/\",\"url\":\"https:\/\/faunaprojetos.com.br\/recuperacao-de-pastagens-trazem-beneficios-economicos-e-socioambientais\/\",\"name\":\"Recupera\u00e7\u00e3o de pastagens trazem benef\u00edcios econ\u00f4micos e socioambientais - Fauna Projetos\",\"isPartOf\":{\"@id\":\"https:\/\/faunaprojetos.com.br\/#website\"},\"primaryImageOfPage\":{\"@id\":\"https:\/\/faunaprojetos.com.br\/recuperacao-de-pastagens-trazem-beneficios-economicos-e-socioambientais\/#primaryimage\"},\"image\":{\"@id\":\"https:\/\/faunaprojetos.com.br\/recuperacao-de-pastagens-trazem-beneficios-economicos-e-socioambientais\/#primaryimage\"},\"thumbnailUrl\":\"https:\/\/faunaprojetos.com.br\/wp-content\/uploads\/2023\/02\/130440040m.jpg\",\"datePublished\":\"2023-02-23T13:40:07+00:00\",\"dateModified\":\"2023-05-28T20:16:05+00:00\",\"breadcrumb\":{\"@id\":\"https:\/\/faunaprojetos.com.br\/recuperacao-de-pastagens-trazem-beneficios-economicos-e-socioambientais\/#breadcrumb\"},\"inLanguage\":\"en-US\",\"potentialAction\":[{\"@type\":\"ReadAction\",\"target\":[\"https:\/\/faunaprojetos.com.br\/recuperacao-de-pastagens-trazem-beneficios-economicos-e-socioambientais\/\"]}]},{\"@type\":\"ImageObject\",\"inLanguage\":\"en-US\",\"@id\":\"https:\/\/faunaprojetos.com.br\/recuperacao-de-pastagens-trazem-beneficios-economicos-e-socioambientais\/#primaryimage\",\"url\":\"https:\/\/faunaprojetos.com.br\/wp-content\/uploads\/2023\/02\/130440040m.jpg\",\"contentUrl\":\"https:\/\/faunaprojetos.com.br\/wp-content\/uploads\/2023\/02\/130440040m.jpg\",\"width\":640,\"height\":426,\"caption\":\"Foto: PEREZ, Naylor Bastiani\"},{\"@type\":\"BreadcrumbList\",\"@id\":\"https:\/\/faunaprojetos.com.br\/recuperacao-de-pastagens-trazem-beneficios-economicos-e-socioambientais\/#breadcrumb\",\"itemListElement\":[{\"@type\":\"ListItem\",\"position\":1,\"name\":\"In\u00edcio\",\"item\":\"https:\/\/faunaprojetos.com.br\/\"},{\"@type\":\"ListItem\",\"position\":2,\"name\":\"Recupera\u00e7\u00e3o de pastagens trazem benef\u00edcios econ\u00f4micos e socioambientais\"}]},{\"@type\":\"WebSite\",\"@id\":\"https:\/\/faunaprojetos.com.br\/#website\",\"url\":\"https:\/\/faunaprojetos.com.br\/\",\"name\":\"Fauna Projetos\",\"description\":\"Consultoria em sustentabilidade\",\"publisher\":{\"@id\":\"https:\/\/faunaprojetos.com.br\/#organization\"},\"potentialAction\":[{\"@type\":\"SearchAction\",\"target\":{\"@type\":\"EntryPoint\",\"urlTemplate\":\"https:\/\/faunaprojetos.com.br\/?s={search_term_string}\"},\"query-input\":{\"@type\":\"PropertyValueSpecification\",\"valueRequired\":true,\"valueName\":\"search_term_string\"}}],\"inLanguage\":\"en-US\"},{\"@type\":\"Organization\",\"@id\":\"https:\/\/faunaprojetos.com.br\/#organization\",\"name\":\"Fauna Projetos\",\"url\":\"https:\/\/faunaprojetos.com.br\/\",\"logo\":{\"@type\":\"ImageObject\",\"inLanguage\":\"en-US\",\"@id\":\"https:\/\/faunaprojetos.com.br\/#\/schema\/logo\/image\/\",\"url\":\"https:\/\/faunaprojetos.com.br\/wp-content\/uploads\/2021\/12\/fauna-completo-logo.png\",\"contentUrl\":\"https:\/\/faunaprojetos.com.br\/wp-content\/uploads\/2021\/12\/fauna-completo-logo.png\",\"width\":515,\"height\":172,\"caption\":\"Fauna Projetos\"},\"image\":{\"@id\":\"https:\/\/faunaprojetos.com.br\/#\/schema\/logo\/image\/\"},\"sameAs\":[\"https:\/\/www.linkedin.com\/company\/faunaprojetos\",\"https:\/\/www.youtube.com\/@faunaprojetos\/playlists\"]},{\"@type\":\"Person\",\"@id\":\"https:\/\/faunaprojetos.com.br\/#\/schema\/person\/8d7bf5bed155cc10671e0dcfd9220cba\",\"name\":\"alice.assad19\",\"image\":{\"@type\":\"ImageObject\",\"inLanguage\":\"en-US\",\"@id\":\"https:\/\/faunaprojetos.com.br\/#\/schema\/person\/image\/\",\"url\":\"https:\/\/secure.gravatar.com\/avatar\/5b7e71399f4b429a92925842f1e8ce6c49778131f1c16492e43472ee728a890b?s=96&d=mm&r=g\",\"contentUrl\":\"https:\/\/secure.gravatar.com\/avatar\/5b7e71399f4b429a92925842f1e8ce6c49778131f1c16492e43472ee728a890b?s=96&d=mm&r=g\",\"caption\":\"alice.assad19\"},\"sameAs\":[\"http:\/\/faunaprojetos.com.br\"],\"url\":\"https:\/\/faunaprojetos.com.br\/en\/author\/alice-assad19\/\"}]}<\/script>\n<!-- \/ Yoast SEO plugin. -->","yoast_head_json":{"title":"Recupera\u00e7\u00e3o de pastagens trazem benef\u00edcios econ\u00f4micos e socioambientais - Fauna Projetos","robots":{"index":"index","follow":"follow","max-snippet":"max-snippet:-1","max-image-preview":"max-image-preview:large","max-video-preview":"max-video-preview:-1"},"canonical":"https:\/\/faunaprojetos.com.br\/en\/recuperacao-de-pastagens-trazem-beneficios-economicos-e-socioambientais\/","og_locale":"en_US","og_type":"article","og_title":"Recupera\u00e7\u00e3o de pastagens trazem benef\u00edcios econ\u00f4micos e socioambientais - Fauna Projetos","og_description":"Leonor Assad e Eduardo Assad Produzir alimentos \u00e9 uma das fun\u00e7\u00f5es da agricultura, da pecu\u00e1ria e de atividades de extrativismo vegetal e animal. No Brasil, os alimentos que consumimos s\u00e3o contabilizados no PIB da agricultura1, que representou 2% do PIB brasileiro, e no PIB do agroneg\u00f3cio1, que representou 24,31% do PIB do Brasil. Mas, o [&hellip;]","og_url":"https:\/\/faunaprojetos.com.br\/en\/recuperacao-de-pastagens-trazem-beneficios-economicos-e-socioambientais\/","og_site_name":"Fauna Projetos","article_published_time":"2023-02-23T13:40:07+00:00","article_modified_time":"2023-05-28T20:16:05+00:00","og_image":[{"width":640,"height":426,"url":"https:\/\/faunaprojetos.com.br\/wp-content\/uploads\/2023\/02\/130440040m.jpg","type":"image\/jpeg"}],"author":"alice.assad19","twitter_card":"summary_large_image","twitter_misc":{"Written by":"alice.assad19","Est. reading time":"6 minutes"},"schema":{"@context":"https:\/\/schema.org","@graph":[{"@type":"Article","@id":"https:\/\/faunaprojetos.com.br\/recuperacao-de-pastagens-trazem-beneficios-economicos-e-socioambientais\/#article","isPartOf":{"@id":"https:\/\/faunaprojetos.com.br\/recuperacao-de-pastagens-trazem-beneficios-economicos-e-socioambientais\/"},"author":{"name":"alice.assad19","@id":"https:\/\/faunaprojetos.com.br\/#\/schema\/person\/8d7bf5bed155cc10671e0dcfd9220cba"},"headline":"Recupera\u00e7\u00e3o de pastagens trazem benef\u00edcios econ\u00f4micos e socioambientais","datePublished":"2023-02-23T13:40:07+00:00","dateModified":"2023-05-28T20:16:05+00:00","mainEntityOfPage":{"@id":"https:\/\/faunaprojetos.com.br\/recuperacao-de-pastagens-trazem-beneficios-economicos-e-socioambientais\/"},"wordCount":1304,"publisher":{"@id":"https:\/\/faunaprojetos.com.br\/#organization"},"image":{"@id":"https:\/\/faunaprojetos.com.br\/recuperacao-de-pastagens-trazem-beneficios-economicos-e-socioambientais\/#primaryimage"},"thumbnailUrl":"https:\/\/faunaprojetos.com.br\/wp-content\/uploads\/2023\/02\/130440040m.jpg","articleSection":["Ambiental"],"inLanguage":"en-US"},{"@type":"WebPage","@id":"https:\/\/faunaprojetos.com.br\/recuperacao-de-pastagens-trazem-beneficios-economicos-e-socioambientais\/","url":"https:\/\/faunaprojetos.com.br\/recuperacao-de-pastagens-trazem-beneficios-economicos-e-socioambientais\/","name":"Recupera\u00e7\u00e3o de pastagens trazem benef\u00edcios econ\u00f4micos e socioambientais - Fauna Projetos","isPartOf":{"@id":"https:\/\/faunaprojetos.com.br\/#website"},"primaryImageOfPage":{"@id":"https:\/\/faunaprojetos.com.br\/recuperacao-de-pastagens-trazem-beneficios-economicos-e-socioambientais\/#primaryimage"},"image":{"@id":"https:\/\/faunaprojetos.com.br\/recuperacao-de-pastagens-trazem-beneficios-economicos-e-socioambientais\/#primaryimage"},"thumbnailUrl":"https:\/\/faunaprojetos.com.br\/wp-content\/uploads\/2023\/02\/130440040m.jpg","datePublished":"2023-02-23T13:40:07+00:00","dateModified":"2023-05-28T20:16:05+00:00","breadcrumb":{"@id":"https:\/\/faunaprojetos.com.br\/recuperacao-de-pastagens-trazem-beneficios-economicos-e-socioambientais\/#breadcrumb"},"inLanguage":"en-US","potentialAction":[{"@type":"ReadAction","target":["https:\/\/faunaprojetos.com.br\/recuperacao-de-pastagens-trazem-beneficios-economicos-e-socioambientais\/"]}]},{"@type":"ImageObject","inLanguage":"en-US","@id":"https:\/\/faunaprojetos.com.br\/recuperacao-de-pastagens-trazem-beneficios-economicos-e-socioambientais\/#primaryimage","url":"https:\/\/faunaprojetos.com.br\/wp-content\/uploads\/2023\/02\/130440040m.jpg","contentUrl":"https:\/\/faunaprojetos.com.br\/wp-content\/uploads\/2023\/02\/130440040m.jpg","width":640,"height":426,"caption":"Foto: PEREZ, Naylor Bastiani"},{"@type":"BreadcrumbList","@id":"https:\/\/faunaprojetos.com.br\/recuperacao-de-pastagens-trazem-beneficios-economicos-e-socioambientais\/#breadcrumb","itemListElement":[{"@type":"ListItem","position":1,"name":"In\u00edcio","item":"https:\/\/faunaprojetos.com.br\/"},{"@type":"ListItem","position":2,"name":"Recupera\u00e7\u00e3o de pastagens trazem benef\u00edcios econ\u00f4micos e socioambientais"}]},{"@type":"WebSite","@id":"https:\/\/faunaprojetos.com.br\/#website","url":"https:\/\/faunaprojetos.com.br\/","name":"Fauna Projetos","description":"Consultoria em sustentabilidade","publisher":{"@id":"https:\/\/faunaprojetos.com.br\/#organization"},"potentialAction":[{"@type":"SearchAction","target":{"@type":"EntryPoint","urlTemplate":"https:\/\/faunaprojetos.com.br\/?s={search_term_string}"},"query-input":{"@type":"PropertyValueSpecification","valueRequired":true,"valueName":"search_term_string"}}],"inLanguage":"en-US"},{"@type":"Organization","@id":"https:\/\/faunaprojetos.com.br\/#organization","name":"Fauna Projetos","url":"https:\/\/faunaprojetos.com.br\/","logo":{"@type":"ImageObject","inLanguage":"en-US","@id":"https:\/\/faunaprojetos.com.br\/#\/schema\/logo\/image\/","url":"https:\/\/faunaprojetos.com.br\/wp-content\/uploads\/2021\/12\/fauna-completo-logo.png","contentUrl":"https:\/\/faunaprojetos.com.br\/wp-content\/uploads\/2021\/12\/fauna-completo-logo.png","width":515,"height":172,"caption":"Fauna Projetos"},"image":{"@id":"https:\/\/faunaprojetos.com.br\/#\/schema\/logo\/image\/"},"sameAs":["https:\/\/www.linkedin.com\/company\/faunaprojetos","https:\/\/www.youtube.com\/@faunaprojetos\/playlists"]},{"@type":"Person","@id":"https:\/\/faunaprojetos.com.br\/#\/schema\/person\/8d7bf5bed155cc10671e0dcfd9220cba","name":"alice.assad19","image":{"@type":"ImageObject","inLanguage":"en-US","@id":"https:\/\/faunaprojetos.com.br\/#\/schema\/person\/image\/","url":"https:\/\/secure.gravatar.com\/avatar\/5b7e71399f4b429a92925842f1e8ce6c49778131f1c16492e43472ee728a890b?s=96&d=mm&r=g","contentUrl":"https:\/\/secure.gravatar.com\/avatar\/5b7e71399f4b429a92925842f1e8ce6c49778131f1c16492e43472ee728a890b?s=96&d=mm&r=g","caption":"alice.assad19"},"sameAs":["http:\/\/faunaprojetos.com.br"],"url":"https:\/\/faunaprojetos.com.br\/en\/author\/alice-assad19\/"}]}},"_links":{"self":[{"href":"https:\/\/faunaprojetos.com.br\/en\/wp-json\/wp\/v2\/posts\/1789","targetHints":{"allow":["GET"]}}],"collection":[{"href":"https:\/\/faunaprojetos.com.br\/en\/wp-json\/wp\/v2\/posts"}],"about":[{"href":"https:\/\/faunaprojetos.com.br\/en\/wp-json\/wp\/v2\/types\/post"}],"author":[{"embeddable":true,"href":"https:\/\/faunaprojetos.com.br\/en\/wp-json\/wp\/v2\/users\/1"}],"replies":[{"embeddable":true,"href":"https:\/\/faunaprojetos.com.br\/en\/wp-json\/wp\/v2\/comments?post=1789"}],"version-history":[{"count":3,"href":"https:\/\/faunaprojetos.com.br\/en\/wp-json\/wp\/v2\/posts\/1789\/revisions"}],"predecessor-version":[{"id":1805,"href":"https:\/\/faunaprojetos.com.br\/en\/wp-json\/wp\/v2\/posts\/1789\/revisions\/1805"}],"wp:featuredmedia":[{"embeddable":true,"href":"https:\/\/faunaprojetos.com.br\/en\/wp-json\/wp\/v2\/media\/1790"}],"wp:attachment":[{"href":"https:\/\/faunaprojetos.com.br\/en\/wp-json\/wp\/v2\/media?parent=1789"}],"wp:term":[{"taxonomy":"category","embeddable":true,"href":"https:\/\/faunaprojetos.com.br\/en\/wp-json\/wp\/v2\/categories?post=1789"},{"taxonomy":"post_tag","embeddable":true,"href":"https:\/\/faunaprojetos.com.br\/en\/wp-json\/wp\/v2\/tags?post=1789"}],"curies":[{"name":"wp","href":"https:\/\/api.w.org\/{rel}","templated":true}]}}